{"id":32343,"date":"2020-05-10T19:42:46","date_gmt":"2020-05-10T18:42:46","guid":{"rendered":"https:\/\/magiclift.ch\/?p=32343"},"modified":"2022-12-17T10:37:49","modified_gmt":"2022-12-17T09:37:49","slug":"endlich-wieder-aufschirmen","status":"publish","type":"post","link":"https:\/\/magiclift.ch\/en\/endlich-wieder-aufschirmen\/","title":{"rendered":"Endlich wieder aufschirmen!"},"content":{"rendered":"<p>Nach 55 Tagen Zwangspause schirmen wir ab dem 11. Mai 2020 endlich wieder auf. Anders als gewohnt \u2013 der Bund hat den Flugschulbetrieb nur unter strengen Bedingungen erlaubt \u2013 aber doch besser als gar nicht: Flugvirus ja, Coronavirus nein.<\/p>\n<h2 class=\"wp-block-heading\">Schulungsmodalit\u00e4ten bis 8. Juni 2020<\/h2>\n<p>Eine zweite Welle wollen wir vermeiden, weshalb beim praktischen Unterricht auf ein <a href=\"https:\/\/magiclift.ch\/covid-19-schutzkonzept_magiclift\/\" target=\"_blank\" rel=\"noreferrer noopener\">Covid-19-Schutzkonzept<\/a> abgest\u00fctzt wird.<\/p>\n<p><a href=\"https:\/\/magiclift.ch\/hoehenfluege\/\">H\u00f6henfl\u00fcge<\/a> finden wieder statt, allerdings in reduziertem Umfang. Weil die maximale Gruppengr\u00f6sse gem\u00e4ss den beh\u00f6rdlichen Anordnungen auf f\u00fcnf Personen beschr\u00e4nkt bleibt und auch viele Seilbahnen noch keine Personen transportieren d\u00fcrfen, planen wir mehr Hike-and-Fly aber insgesamt weniger Flugtage.<\/p>\n<p>F\u00fcr Neueinsteiger und Anf\u00e4nger gibt es bis zum n\u00e4chsten Lockerungsschritt mehr Trainings am \u00dcbungshang. Wer jetzt auch unter der Woche Zeit freischaufeln kann und die Wetterg\u00f6tter auf seiner Seite weiss, kann f\u00fcr den ersten Teil der Ausbildung am \u00dcbungshang in Kleingruppen-Trainings einsteigen und hat so die M\u00f6glichkeit, die erste Etappe zum Gleitschirmbrevet quasi in einem Intensivkurs zu absolvieren. Diesbez\u00fcgliche Ausk\u00fcnfte erh\u00e4lt man am schnellsten telefonisch unter 076 393 08 47.<\/p>\n<h2 class=\"wp-block-heading\">Passagierfl\u00fcge<\/h2>\n<p>Tandemfl\u00fcge sind noch keine m\u00f6glich. Wir erhoffen uns, nach dem n\u00e4chsten Lockerungsschritt am 8. Juni 2020 auch wieder mit Passagieren abheben zu d\u00fcrfen. Ein Rahmenschutzkonzept f\u00fcr Passagierfl\u00fcge befindet sich beim <a href=\"https:\/\/www.shv-fsvl.ch\/\" target=\"_blank\" rel=\"noreferrer noopener\">Schweizerischen H\u00e4ngegleiter-Verband<\/a> in Erarbeitung.<\/p>\n<h2 class=\"wp-block-heading\">Reisen<\/h2>\n<p>Auch wenn eine Durchf\u00fchrung unserer <a href=\"https:\/\/magiclift.ch\/flugreisen\/\">n\u00e4chsten Reisen<\/a> unsicher ist, bleiben sie im Programm und sind f\u00fcr Anmeldungen offen. Aufgrund der planerischen Unsicherheiten sind die Fristen unserer AGB f\u00fcr Reise-Annullationen ausser Kraft gesetzt bis die Reisefreiheiten weiter gelockert sind.<\/p>\n<h2 class=\"wp-block-heading\">Shop-Bestellungen und Testmaterial<\/h2>\n<p>Testfl\u00fcgel werden auf Anfrage reserviert. Materialbestellungen werden wie schon im Lockdown per Post ausgeliefert, k\u00f6nnen aber auch wieder zu vereinbarten Zeiten vor Ort abgeholt werden. Bei einzelnen Artikeln mag es zu Lieferverz\u00f6gerungen kommen. Wir bitten unsere Kunden um Verst\u00e4ndnis, dass die teilweise zusammengebrochenen Lieferketten auch auf unseren Sport Auswirkungen zeitigen.<\/p>\n","protected":false},"excerpt":{"rendered":"","protected":false},"author":1,"featured_media":32350,"comment_status":"closed","ping_status":"open","sticky":false,"template":"","format":"standard","meta":{"footnotes":"","_wp_rev_ctl_limit":""},"categories":[48],"tags":[],"class_list":["post-32343","post","type-post","status-publish","format-standard","has-post-thumbnail","hentry","category-newsfeed"],"_links":{"self":[{"href":"https:\/\/magiclift.ch\/en\/wp-json\/wp\/v2\/posts\/32343","targetHints":{"allow":["GET"]}}],"collection":[{"href":"https:\/\/magiclift.ch\/en\/wp-json\/wp\/v2\/posts"}],"about":[{"href":"https:\/\/magiclift.ch\/en\/wp-json\/wp\/v2\/types\/post"}],"author":[{"embeddable":true,"href":"https:\/\/magiclift.ch\/en\/wp-json\/wp\/v2\/users\/1"}],"replies":[{"embeddable":true,"href":"https:\/\/magiclift.ch\/en\/wp-json\/wp\/v2\/comments?post=32343"}],"version-history":[{"count":0,"href":"https:\/\/magiclift.ch\/en\/wp-json\/wp\/v2\/posts\/32343\/revisions"}],"wp:featuredmedia":[{"embeddable":true,"href":"https:\/\/magiclift.ch\/en\/wp-json\/wp\/v2\/media\/32350"}],"wp:attachment":[{"href":"https:\/\/magiclift.ch\/en\/wp-json\/wp\/v2\/media?parent=32343"}],"wp:term":[{"taxonomy":"category","embeddable":true,"href":"https:\/\/magiclift.ch\/en\/wp-json\/wp\/v2\/categories?post=32343"},{"taxonomy":"post_tag","embeddable":true,"href":"https:\/\/magiclift.ch\/en\/wp-json\/wp\/v2\/tags?post=32343"}],"curies":[{"name":"wp","href":"https:\/\/api.w.org\/{rel}","templated":true}]}}