{"id":3394,"date":"2015-06-08T17:10:20","date_gmt":"2015-06-08T16:10:20","guid":{"rendered":"https:\/\/magiclift.ch\/?p=3394"},"modified":"2016-01-05T12:57:06","modified_gmt":"2016-01-05T11:57:06","slug":"albert-unser-neuer-flugschulbus","status":"publish","type":"post","link":"https:\/\/magiclift.ch\/en\/albert-unser-neuer-flugschulbus\/","title":{"rendered":"Albert &#8211; unser neuer Flugschulbus"},"content":{"rendered":"<p>Seit ein\u00a0paar Wochen\u00a0leistet uns der neu angeschaffte Flugschulbus \u00abAlbert\u00bb, ein Opel Movano aus zweiter Hand, gute Dienste. Insgesamt bietet er Platz f\u00fcr zw\u00f6lf Personen und hat die ersten H\u00e4rtetests mit schon Bravour bestanden: Vollbesetzt mit Piloten und Flugausr\u00fcstungen schafft er auch die steileren H\u00f6henmeter zu den Startpl\u00e4tzen problemlos. <!--more-->Die Solaranlage zum Betrieb einer K\u00fchlbox f\u00fcr die Erfrischung mit k\u00fchlen Getr\u00e4nken nach dem Landen ist montagebereit und bald wird die Karosserie beschriftet, so dass man uns auch aus gr\u00f6sserer Distanz als Gleitschirmschule erkennt.<\/p>\n","protected":false},"excerpt":{"rendered":"<p>Seit ein\u00a0paar Wochen\u00a0leistet uns der neu angeschaffte Flugschulbus \u00abAlbert\u00bb, ein Opel Movano aus zweiter Hand, gute Dienste. Insgesamt bietet er Platz f\u00fcr zw\u00f6lf Personen und hat die ersten H\u00e4rtetests mit schon Bravour bestanden: Vollbesetzt mit Piloten und Flugausr\u00fcstungen schafft er auch die steileren H\u00f6henmeter zu den Startpl\u00e4tzen problemlos.<\/p>\n","protected":false},"author":1,"featured_media":3404,"comment_status":"closed","ping_status":"open","sticky":false,"template":"","format":"standard","meta":{"footnotes":"","_wp_rev_ctl_limit":""},"categories":[48],"tags":[],"class_list":["post-3394","post","type-post","status-publish","format-standard","has-post-thumbnail","hentry","category-newsfeed"],"_links":{"self":[{"href":"https:\/\/magiclift.ch\/en\/wp-json\/wp\/v2\/posts\/3394","targetHints":{"allow":["GET"]}}],"collection":[{"href":"https:\/\/magiclift.ch\/en\/wp-json\/wp\/v2\/posts"}],"about":[{"href":"https:\/\/magiclift.ch\/en\/wp-json\/wp\/v2\/types\/post"}],"author":[{"embeddable":true,"href":"https:\/\/magiclift.ch\/en\/wp-json\/wp\/v2\/users\/1"}],"replies":[{"embeddable":true,"href":"https:\/\/magiclift.ch\/en\/wp-json\/wp\/v2\/comments?post=3394"}],"version-history":[{"count":0,"href":"https:\/\/magiclift.ch\/en\/wp-json\/wp\/v2\/posts\/3394\/revisions"}],"wp:featuredmedia":[{"embeddable":true,"href":"https:\/\/magiclift.ch\/en\/wp-json\/wp\/v2\/media\/3404"}],"wp:attachment":[{"href":"https:\/\/magiclift.ch\/en\/wp-json\/wp\/v2\/media?parent=3394"}],"wp:term":[{"taxonomy":"category","embeddable":true,"href":"https:\/\/magiclift.ch\/en\/wp-json\/wp\/v2\/categories?post=3394"},{"taxonomy":"post_tag","embeddable":true,"href":"https:\/\/magiclift.ch\/en\/wp-json\/wp\/v2\/tags?post=3394"}],"curies":[{"name":"wp","href":"https:\/\/api.w.org\/{rel}","templated":true}]}}