{"id":6505,"date":"2016-03-30T17:43:47","date_gmt":"2016-03-30T16:43:47","guid":{"rendered":"https:\/\/magiclift.ch\/?p=6505"},"modified":"2016-03-30T17:45:00","modified_gmt":"2016-03-30T16:45:00","slug":"auf-sommerzeit-umgestellt","status":"publish","type":"post","link":"https:\/\/magiclift.ch\/en\/auf-sommerzeit-umgestellt\/","title":{"rendered":"Flugbetrieb auf Sommerzeit umgestellt"},"content":{"rendered":"<p>Es ist Zeit, die Fl\u00fcgel wieder h\u00e4ufiger zu l\u00fcften. Mit dem sp\u00e4teren Eindunkeln hat unser\u00a0<a href=\"https:\/\/magiclift.ch\/schulungskalender\/\" target=\"_blank\">Schulungsprogramm<\/a>\u00a0auf die Sommerzeit umgestellt. Mittwochs r\u00fccken wir bei guter Witterung zu Abendfl\u00fcgen aus und auch unsere\u00a0<a href=\"https:\/\/magiclift.ch\/schnuppertag\/\" target=\"_blank\">Schnuppertage<\/a> finden wieder doppelt so oft\u00a0statt.<\/p>\n<p>Die W\u00e4rme der letzten Tage hat inzwischen die letzten Schneeresten von den \u00dcbungsh\u00e4ngen weggeputzt. Die vergangenen beiden\u00a0Schnuppertage Ende Februar und Anfang M\u00e4rz fanden noch im nasskalten Schnee statt. Das konnte die motivierten Teilnehmer allerdings nicht entmutigen. Ist man einmal vom\u00a0Flugvirus angesteckt und leidet unter \"Bodenfieber\", wird man erst bei H\u00f6henfl\u00fcgen wieder vor\u00fcbergehend geheilt. \u00dcberhaupt ist der Fr\u00fchling\u00a0die beste Zeit, um Gleitschirmfliegen von Grund auf zu lernen, um bald die ersten H\u00f6henfl\u00fcge zu absolvieren.<\/p>\n<p>Zum Beginn der Sommerzeit wurde der <a href=\"https:\/\/magiclift.ch\/shop\/\" target=\"_blank\">Magiclift-Webshop<\/a> mit vielen neuen Produkten erg\u00e4nzt. Die neuesten Gleitschirmmodelle unserer Partner unter den Herstellern sind erfasst und k\u00f6nnen zum Testfliegen reserviert werden. Neu im Sortiment findet man auch bew\u00e4hrtes <a href=\"https:\/\/magiclift.ch\/produkt-stichwort\/flugsau\/\" target=\"_blank\">Zubeh\u00f6r vom innovativen Flugsau-N\u00e4hatelier<\/a> aus Grafenort im sch\u00f6nen Engelbergertal.<\/p>\n","protected":false},"excerpt":{"rendered":"<p>Es ist Zeit, die Fl\u00fcgel wieder h\u00e4ufiger zu l\u00fcften. Mit dem sp\u00e4teren Eindunkeln hat unser\u00a0Schulungsprogramm\u00a0auf die Sommerzeit umgestellt. Mittwochs r\u00fccken wir bei guter Witterung zu Abendfl\u00fcgen aus und auch unsere\u00a0Schnuppertage finden wieder doppelt so oft\u00a0statt. Die W\u00e4rme der letzten Tage hat inzwischen die letzten Schneeresten von den \u00dcbungsh\u00e4ngen weggeputzt. Die vergangenen beiden\u00a0Schnuppertage Ende Februar und [&hellip;]<\/p>\n","protected":false},"author":1,"featured_media":6510,"comment_status":"closed","ping_status":"open","sticky":false,"template":"","format":"standard","meta":{"footnotes":"","_wp_rev_ctl_limit":""},"categories":[48],"tags":[],"class_list":["post-6505","post","type-post","status-publish","format-standard","has-post-thumbnail","hentry","category-newsfeed"],"_links":{"self":[{"href":"https:\/\/magiclift.ch\/en\/wp-json\/wp\/v2\/posts\/6505","targetHints":{"allow":["GET"]}}],"collection":[{"href":"https:\/\/magiclift.ch\/en\/wp-json\/wp\/v2\/posts"}],"about":[{"href":"https:\/\/magiclift.ch\/en\/wp-json\/wp\/v2\/types\/post"}],"author":[{"embeddable":true,"href":"https:\/\/magiclift.ch\/en\/wp-json\/wp\/v2\/users\/1"}],"replies":[{"embeddable":true,"href":"https:\/\/magiclift.ch\/en\/wp-json\/wp\/v2\/comments?post=6505"}],"version-history":[{"count":0,"href":"https:\/\/magiclift.ch\/en\/wp-json\/wp\/v2\/posts\/6505\/revisions"}],"wp:featuredmedia":[{"embeddable":true,"href":"https:\/\/magiclift.ch\/en\/wp-json\/wp\/v2\/media\/6510"}],"wp:attachment":[{"href":"https:\/\/magiclift.ch\/en\/wp-json\/wp\/v2\/media?parent=6505"}],"wp:term":[{"taxonomy":"category","embeddable":true,"href":"https:\/\/magiclift.ch\/en\/wp-json\/wp\/v2\/categories?post=6505"},{"taxonomy":"post_tag","embeddable":true,"href":"https:\/\/magiclift.ch\/en\/wp-json\/wp\/v2\/tags?post=6505"}],"curies":[{"name":"wp","href":"https:\/\/api.w.org\/{rel}","templated":true}]}}