{"id":7740,"date":"2016-11-02T15:35:00","date_gmt":"2016-11-02T14:35:00","guid":{"rendered":"https:\/\/magiclift.ch\/?p=7740"},"modified":"2018-03-01T00:20:59","modified_gmt":"2018-02-28T23:20:59","slug":"castelluccio-hart-vom-erdbeben-getroffen","status":"publish","type":"post","link":"https:\/\/magiclift.ch\/en\/castelluccio-hart-vom-erdbeben-getroffen\/","title":{"rendered":"Castelluccio hart vom Erdbeben getroffen"},"content":{"rendered":"<p>Drohnenaufnahmen zeigen die riesigen Ausmasse der Sch\u00e4den, die das Erdbebens vom 26. Oktober 2016 auch in Castelluccio angerichtet hat.<\/p>\n<p><a href=\"https:\/\/www.youtube.com\/watch?v=FPSC1ya-SDU\" target=\"_blank\" rel=\"noopener\">Luftaufnahmen vom verw\u00fcsteten Castelluccio auf youtube.com<\/a><\/p>\n<p>Schon beim Erdbeben vom 24. August 2016 und infolge dessen Nachbeben waren grosse Sch\u00e4den zu beklagen. F\u00fcr Reparaturarbeiten wurde eine tempor\u00e4re Flugverbotszone errichtet, die auch Castelluccio umfasste. Gleitschirmfliegen in den sibillinischen Bergen\u00a0waren\u00a0seither nur eingeschr\u00e4nkt m\u00f6glich.<\/p>\n<p>Das\u00a0Erdbeben vom 26. Oktober richtete noch viel gr\u00f6ssere Sch\u00e4den an. Einige der Geb\u00e4ude im Dorfkern sind komplett zerst\u00f6rt. An eine R\u00fcckkehr der ohnehin schon wenigen Bewohnern Castelluccios und an eine wiederhergestellte Infrastruktur ist f\u00fcr l\u00e4ngere Zeit noch nicht zu denken.<\/p>\n<p>Trotz der noch nicht absch\u00e4tzbaren\u00a0Entwicklung beim Wiederaufbau\u00a0bleibt\u00a0unsere f\u00fcr den Herbst 2017 geplante <a href=\"https:\/\/magiclift.ch\/events\/flugreise-castelluccio-2017\/\">Reise nach Castelluccio<\/a> mit Unterkunft in erdbebensicheren Zelten im Programm. Ausbleibende Einnahmen aus dem f\u00fcr die Region wichtigen Wirtschaftszweig Tourismus sind f\u00fcr den Wiederaufbau keine Hilfe.<\/p>\n","protected":false},"excerpt":{"rendered":"<p>Drohnenaufnahmen zeigen die riesigen Ausmasse der Sch\u00e4den, die das Erdbebens vom 26. Oktober 2016 auch in Castelluccio angerichtet hat. Luftaufnahmen vom verw\u00fcsteten Castelluccio auf youtube.com Schon beim Erdbeben vom 24. August 2016 und infolge dessen Nachbeben waren grosse Sch\u00e4den zu beklagen. F\u00fcr Reparaturarbeiten wurde eine tempor\u00e4re Flugverbotszone errichtet, die auch Castelluccio umfasste. Gleitschirmfliegen in den [&hellip;]<\/p>\n","protected":false},"author":1,"featured_media":7741,"comment_status":"closed","ping_status":"open","sticky":false,"template":"","format":"standard","meta":{"footnotes":"","_wp_rev_ctl_limit":""},"categories":[48],"tags":[],"class_list":["post-7740","post","type-post","status-publish","format-standard","has-post-thumbnail","hentry","category-newsfeed"],"_links":{"self":[{"href":"https:\/\/magiclift.ch\/en\/wp-json\/wp\/v2\/posts\/7740","targetHints":{"allow":["GET"]}}],"collection":[{"href":"https:\/\/magiclift.ch\/en\/wp-json\/wp\/v2\/posts"}],"about":[{"href":"https:\/\/magiclift.ch\/en\/wp-json\/wp\/v2\/types\/post"}],"author":[{"embeddable":true,"href":"https:\/\/magiclift.ch\/en\/wp-json\/wp\/v2\/users\/1"}],"replies":[{"embeddable":true,"href":"https:\/\/magiclift.ch\/en\/wp-json\/wp\/v2\/comments?post=7740"}],"version-history":[{"count":0,"href":"https:\/\/magiclift.ch\/en\/wp-json\/wp\/v2\/posts\/7740\/revisions"}],"wp:featuredmedia":[{"embeddable":true,"href":"https:\/\/magiclift.ch\/en\/wp-json\/wp\/v2\/media\/7741"}],"wp:attachment":[{"href":"https:\/\/magiclift.ch\/en\/wp-json\/wp\/v2\/media?parent=7740"}],"wp:term":[{"taxonomy":"category","embeddable":true,"href":"https:\/\/magiclift.ch\/en\/wp-json\/wp\/v2\/categories?post=7740"},{"taxonomy":"post_tag","embeddable":true,"href":"https:\/\/magiclift.ch\/en\/wp-json\/wp\/v2\/tags?post=7740"}],"curies":[{"name":"wp","href":"https:\/\/api.w.org\/{rel}","templated":true}]}}