{"id":8542,"date":"2016-11-14T13:42:08","date_gmt":"2016-11-14T12:42:08","guid":{"rendered":"https:\/\/magiclift.ch\/?p=8542"},"modified":"2020-03-22T17:48:22","modified_gmt":"2020-03-22T16:48:22","slug":"flugbetrieb-auf-winterzeit-umgestellt","status":"publish","type":"post","link":"https:\/\/magiclift.ch\/en\/flugbetrieb-auf-winterzeit-umgestellt\/","title":{"rendered":"Flugbetrieb auf Winterzeit umgestellt"},"content":{"rendered":"\n<p>Mit den k\u00fcrzeren Tagen und dem Wintereinbruch wurde unser Flugbetrieb umgestellt: In den Bergen liegt bereits viel Schnee. Einige Bergbahnen warten mit ihrem Auftakt in die Skisaison noch zu, andere haben den Winterbetrieb schon&nbsp;aufgenommen. Eine aktuelle&nbsp;\u00dcbersicht, welche Anlagen ge\u00f6ffnet sind und wie viel Schnee auf den Pisten oder Startpl\u00e4tzen liegt, findet man auf &nbsp;<a href=\"http:\/\/www.bergfex.ch\/schweiz\/schneewerte\/\" target=\"_blank\" rel=\"noreferrer noopener\">www.bergfex.ch<\/a>.<\/p>\n\n\n\n<p>Die kalte Jahreszeit erm\u00f6glicht genauso grossartige Flugerlebnisse: Zauberhaft schneebedeckte Landschaften und ausserordentlich ruhige Luft um Man\u00f6ver zu \u00fcben sind gute Gr\u00fcnde, den Gleitschirm auch im Winter zu l\u00fcften. Ausserdem werden im Schnee die Schirme wieder sauber.<\/p>\n\n\n\n<p>Auch im Winter r\u00fccken wir bei Flugwetter wie gewohnt f\u00fcr H\u00f6henfl\u00fcge aus. Schnuppertage werden jedoch erst wieder angeboten, wenn die \u00dcbungsh\u00e4nge im Sp\u00e4twinter schneefrei geworden sind. Erstes <a href=\"https:\/\/magiclift.ch\/events\/schnuppertag-4-2017-02-26\/\">Plandatum im 2017 ist der 26. Februar<\/a>.<\/p>\n\n\n\n<p>Vom 2. bis 20. Januar 2017 verschieben sich die fliegerischen Aktivit\u00e4ten w\u00e4hrend unserer Gleitschirmreise nach Maharashtra (Indien). In dieser Zeit finden hierzulande keine Schulungsfl\u00fcge statt. Unser <a href=\"https:\/\/magiclift.ch\/flugreisen\/\">komplettes Reiseprogramm<\/a> f\u00fcrs 2017 ist auf unserer Webseite aufgeschaltet.<\/p>\n\n\n\n<p>Im Magiclift Webshop gibt es viele neue Produkte, z.B. die <a href=\"https:\/\/magiclift.ch\/produkt-stichwort\/radys\/\">Winterkollektion von R\u2019adys<\/a>. Passend zur kalten Jahreszeit sowie als Geschenkidee f\u00fcr unter den Weihnachtsbaum gibt es neu die <a href=\"https:\/\/magiclift.ch\/shop\/bcg-guardsman-handwaermer\/\">Handw\u00e4rmer mit Festbrennstoff<\/a> von BCG Guardsman.<\/p>\n","protected":false},"excerpt":{"rendered":"<p>Mit den k\u00fcrzeren Tagen und dem Wintereinbruch wurde unser Flugbetrieb umgestellt: In den Bergen liegt bereits viel Schnee. Einige Bergbahnen warten mit ihrem Auftakt in die Skisaison noch zu, andere haben den Winterbetrieb schon&nbsp;aufgenommen. Eine aktuelle&nbsp;\u00dcbersicht, welche Anlagen ge\u00f6ffnet sind und wie viel Schnee auf den Pisten oder Startpl\u00e4tzen liegt, findet man auf &nbsp;www.bergfex.ch. Die [&hellip;]<\/p>\n","protected":false},"author":1,"featured_media":8545,"comment_status":"closed","ping_status":"open","sticky":false,"template":"","format":"standard","meta":{"footnotes":"","_wp_rev_ctl_limit":""},"categories":[48],"tags":[],"class_list":["post-8542","post","type-post","status-publish","format-standard","has-post-thumbnail","hentry","category-newsfeed"],"_links":{"self":[{"href":"https:\/\/magiclift.ch\/en\/wp-json\/wp\/v2\/posts\/8542","targetHints":{"allow":["GET"]}}],"collection":[{"href":"https:\/\/magiclift.ch\/en\/wp-json\/wp\/v2\/posts"}],"about":[{"href":"https:\/\/magiclift.ch\/en\/wp-json\/wp\/v2\/types\/post"}],"author":[{"embeddable":true,"href":"https:\/\/magiclift.ch\/en\/wp-json\/wp\/v2\/users\/1"}],"replies":[{"embeddable":true,"href":"https:\/\/magiclift.ch\/en\/wp-json\/wp\/v2\/comments?post=8542"}],"version-history":[{"count":0,"href":"https:\/\/magiclift.ch\/en\/wp-json\/wp\/v2\/posts\/8542\/revisions"}],"wp:featuredmedia":[{"embeddable":true,"href":"https:\/\/magiclift.ch\/en\/wp-json\/wp\/v2\/media\/8545"}],"wp:attachment":[{"href":"https:\/\/magiclift.ch\/en\/wp-json\/wp\/v2\/media?parent=8542"}],"wp:term":[{"taxonomy":"category","embeddable":true,"href":"https:\/\/magiclift.ch\/en\/wp-json\/wp\/v2\/categories?post=8542"},{"taxonomy":"post_tag","embeddable":true,"href":"https:\/\/magiclift.ch\/en\/wp-json\/wp\/v2\/tags?post=8542"}],"curies":[{"name":"wp","href":"https:\/\/api.w.org\/{rel}","templated":true}]}}