{"id":24256,"date":"2019-05-19T15:02:11","date_gmt":"2019-05-19T14:02:11","guid":{"rendered":"https:\/\/magiclift.ch\/?p=24256"},"modified":"2019-11-29T18:45:54","modified_gmt":"2019-11-29T17:45:54","slug":"taegliche-webcamzeitraffer-auf-youtube","status":"publish","type":"post","link":"https:\/\/magiclift.ch\/fr\/taegliche-webcamzeitraffer-auf-youtube\/","title":{"rendered":"T\u00e4gliche Zeitrafferfilme unserer Webcam auf Youtube"},"content":{"rendered":"\n<p>Seit vier Jahren steht die <a href=\"https:\/\/magiclift.ch\/cam\/\">Wetter-Webcam<\/a> an unserem Standort an der Bergstrasse 68 in Betrieb und liefert ein jeweils aktuelles Wetterbild mit Blick in Richtung Norden. Neu werden die im Tagesverlauf entstandenen Bilder automatisch zu einem Zeitraffer-Film zusammengef\u00fcgt, wobei spannende und aufschlussreiche Aufnahmen entstehen:<\/p>\n\n\n\n<p>Wie haben die Wolken am Himmel getanzt? Welche Luftmassen k\u00e4mpften gegeneinander? Bildeten sich Wolkenstrassen? Gab es Windscherungen? Rollte eine Kaltfront \u00fcbers Land? Brachte ein F\u00f6hnloch Sonnenschein?<\/p>\n\n\n\n<p>Jeweils kurz nach 23 Uhr ist der Tagesr\u00fcckblick erstellt und wird dann \u00fcber ein Script auf einen eigens f\u00fcr die Webcam-Zeitraffer-Videos eingerichteten Youtube-Kanal hochgeladen. W\u00e4hrend der Testphase sind schon ein paar gute Videos mit viel Action am Himmel entstanden.<\/p>\n\n\n\n<p>Der Youtube-Kanal mit allen Aufnahmen kann unter folgender Adresse aufgerufen werden:&nbsp;<br \/><a rel=\"noreferrer noopener\" href=\"https:\/\/www.youtube.com\/c\/MagicliftCh-Fly-with-us\" target=\"_blank\">https:\/\/www.youtube.com\/c\/MagicliftCh-Fly-with-us<\/a><\/p>\n\n\n\n&nbsp;\n<h2>Zeitrafferaufnahme vom 10. Mai 2019<\/h2>\n<figure class=\"wp-block-embed-youtube wp-block-embed is-type-video is-provider-youtube wp-embed-aspect-16-9 wp-has-aspect-ratio\"><div class=\"wp-block-embed__wrapper\">\n<div class='avia-iframe-wrap'><iframe loading=\"lazy\" width=\"1500\" height=\"844\" src=\"https:\/\/www.youtube.com\/embed\/4Ixn0qPQwqI?feature=oembed\" frameborder=\"0\" allow=\"accelerometer; autoplay; encrypted-media; gyroscope; picture-in-picture\" allowfullscreen><\/iframe><\/div>\n<\/div><\/figure>\n\n\n\n<script type=\"application\/ld+json\">\n{\n  \"@context\": \"http:\/\/schema.org\/\",\n  \"@type\": \"VideoObject\",\n  \"name\": \"Zeitrafferaufnahme vom 10. Mai 2019 der Magiclift-Wetter-Webcam\",\n  \"duration\" : \"T0M42S\",\n  \"thumbnailUrl\" : \"https:\/\/i.ytimg.com\/vi\/4Ixn0qPQwqI\/hqdefault.jpg\",\n  \"datePublished\": \"2019-05-10\",\n  \"uploadDate\" : \"2019-05-10\",\n  \"description\": \"Der Tag der war: Aus der Optik der Wetter-Webcam an unserer Adresse an der Bergstrasse 68 in Horgen mit Blickrichtung Norden vom 10. Mai 2019. Geoposition der Webcam: N 47.249908, E 8.597618, 540 m.\u00fc.M.\",\n  \"embedUrl\":\"https:\/\/youtu.be\/4Ixn0qPQwqI\"\n },\n    },\n    <\/script>\n","protected":false},"excerpt":{"rendered":"<p>Seit vier Jahren steht die Wetter-Webcam an unserem Standort an der Bergstrasse 68 in Betrieb und liefert ein jeweils aktuelles Wetterbild mit Blick in Richtung Norden. Neu werden die im Tagesverlauf entstandenen Bilder automatisch zu einem Zeitraffer-Film zusammengef\u00fcgt, wobei spannende und aufschlussreiche Aufnahmen entstehen: Wie haben die Wolken am Himmel getanzt? Welche Luftmassen k\u00e4mpften gegeneinander? [&hellip;]<\/p>\n","protected":false},"author":1,"featured_media":24257,"comment_status":"closed","ping_status":"open","sticky":false,"template":"","format":"standard","meta":{"footnotes":"","_wp_rev_ctl_limit":""},"categories":[48],"tags":[],"class_list":["post-24256","post","type-post","status-publish","format-standard","has-post-thumbnail","hentry","category-newsfeed"],"_links":{"self":[{"href":"https:\/\/magiclift.ch\/fr\/wp-json\/wp\/v2\/posts\/24256","targetHints":{"allow":["GET"]}}],"collection":[{"href":"https:\/\/magiclift.ch\/fr\/wp-json\/wp\/v2\/posts"}],"about":[{"href":"https:\/\/magiclift.ch\/fr\/wp-json\/wp\/v2\/types\/post"}],"author":[{"embeddable":true,"href":"https:\/\/magiclift.ch\/fr\/wp-json\/wp\/v2\/users\/1"}],"replies":[{"embeddable":true,"href":"https:\/\/magiclift.ch\/fr\/wp-json\/wp\/v2\/comments?post=24256"}],"version-history":[{"count":0,"href":"https:\/\/magiclift.ch\/fr\/wp-json\/wp\/v2\/posts\/24256\/revisions"}],"wp:featuredmedia":[{"embeddable":true,"href":"https:\/\/magiclift.ch\/fr\/wp-json\/wp\/v2\/media\/24257"}],"wp:attachment":[{"href":"https:\/\/magiclift.ch\/fr\/wp-json\/wp\/v2\/media?parent=24256"}],"wp:term":[{"taxonomy":"category","embeddable":true,"href":"https:\/\/magiclift.ch\/fr\/wp-json\/wp\/v2\/categories?post=24256"},{"taxonomy":"post_tag","embeddable":true,"href":"https:\/\/magiclift.ch\/fr\/wp-json\/wp\/v2\/tags?post=24256"}],"curies":[{"name":"wp","href":"https:\/\/api.w.org\/{rel}","templated":true}]}}