{"id":3225,"date":"2015-03-02T09:41:08","date_gmt":"2015-03-02T08:41:08","guid":{"rendered":"https:\/\/magiclift.ch\/?p=3225"},"modified":"2018-01-29T11:16:34","modified_gmt":"2018-01-29T10:16:34","slug":"startklar-fuer-die-flugsaison-2015","status":"publish","type":"post","link":"https:\/\/magiclift.ch\/fr\/startklar-fuer-die-flugsaison-2015\/","title":{"rendered":"Startklar f\u00fcr die Flugsaison 2015"},"content":{"rendered":"<p>Viel neues Equipment ist angeliefert: Gutm\u00fctige\u00a0Schulschirme, vier neue Compact 2 von Axis und drei neue Pawns aus der Gleitschirmschmiede Triple 777 Paragliders, sind angekommen. \u00a0In verschiedenen Gr\u00f6ssen stehen\u00a0keusche\u00a0Gurtzeuge\u00a0von MCC Aviation bereit f\u00fcr die Lufttaufe.\u00a0Jetzt muss nur noch der Schnee weg.<\/p>\n<p><!--more--><\/p>\n<p>Das GFS-Wettermodell rechnet f\u00fcr den 6. M\u00e4rz 2014 ein H\u00f6hentief \u00fcber Mitteleuropa, am Boden zeigt sich beim Modellauf aber ein Hochdruckkeil, der sich von Westen her ausdehnt.<\/p>\n<div id=\"attachment_3227\" style=\"width: 310px\" class=\"wp-caption alignleft\"><a href=\"http:\/\/www2.wetter3.de\/animation.html\" target=\"_blank\" rel=\"noopener\"><img loading=\"lazy\" decoding=\"async\" aria-describedby=\"caption-attachment-3227\" class=\"wp-image-3227 size-medium\" src=\"https:\/\/magiclift.ch\/wp-content\/uploads\/2015\/03\/gfs_0302-0306-300x219.gif\" alt=\"GFS-Modelllauf, 6.3.2015 18UTC\" width=\"300\" height=\"219\" \/><\/a><p id=\"caption-attachment-3227\" class=\"wp-caption-text\">GFS-Modelllauf, 6.3.2015 18UTC<\/p><\/div>\n<p>Hoffen wir, das Modell beh\u00e4lt recht und der Kaltlufttropfen wird vom Hoch abgeschn\u00fcrt und eiert dann in Richtung Mittelmeer davon. Der Fr\u00fchling l\u00e4sst sich nicht aufhalten.<\/p>\n<p>Unsere\u00a0Gleitschirmschule startet mit einer <a title=\"Schnuppertag\" href=\"https:\/\/magiclift.ch\/schnuppertag\/\">Serie Schnuppertage<\/a>\u00a0ab dem 14. M\u00e4rz 2014, jeweils an den Wochenenden. Mit neuesten Ausr\u00fcstungen, einer grossen Auswahl verschiedener \u00dcbungsh\u00e4nge und einem attraktiven Preismodell f\u00fcr unsere Kurse sind wir startklar.<\/p>\n<p>&nbsp;<\/p>\n","protected":false},"excerpt":{"rendered":"<p>Viel neues Equipment ist angeliefert: Gutm\u00fctige\u00a0Schulschirme, vier neue Compact 2 von Axis und drei neue Pawns aus der Gleitschirmschmiede Triple 777 Paragliders, sind angekommen. \u00a0In verschiedenen Gr\u00f6ssen stehen\u00a0keusche\u00a0Gurtzeuge\u00a0von MCC Aviation bereit f\u00fcr die Lufttaufe.\u00a0Jetzt muss nur noch der Schnee weg.<\/p>\n","protected":false},"author":1,"featured_media":1449,"comment_status":"closed","ping_status":"open","sticky":false,"template":"","format":"standard","meta":{"footnotes":"","_wp_rev_ctl_limit":""},"categories":[48],"tags":[],"class_list":["post-3225","post","type-post","status-publish","format-standard","has-post-thumbnail","hentry","category-newsfeed"],"_links":{"self":[{"href":"https:\/\/magiclift.ch\/fr\/wp-json\/wp\/v2\/posts\/3225","targetHints":{"allow":["GET"]}}],"collection":[{"href":"https:\/\/magiclift.ch\/fr\/wp-json\/wp\/v2\/posts"}],"about":[{"href":"https:\/\/magiclift.ch\/fr\/wp-json\/wp\/v2\/types\/post"}],"author":[{"embeddable":true,"href":"https:\/\/magiclift.ch\/fr\/wp-json\/wp\/v2\/users\/1"}],"replies":[{"embeddable":true,"href":"https:\/\/magiclift.ch\/fr\/wp-json\/wp\/v2\/comments?post=3225"}],"version-history":[{"count":0,"href":"https:\/\/magiclift.ch\/fr\/wp-json\/wp\/v2\/posts\/3225\/revisions"}],"wp:featuredmedia":[{"embeddable":true,"href":"https:\/\/magiclift.ch\/fr\/wp-json\/wp\/v2\/media\/1449"}],"wp:attachment":[{"href":"https:\/\/magiclift.ch\/fr\/wp-json\/wp\/v2\/media?parent=3225"}],"wp:term":[{"taxonomy":"category","embeddable":true,"href":"https:\/\/magiclift.ch\/fr\/wp-json\/wp\/v2\/categories?post=3225"},{"taxonomy":"post_tag","embeddable":true,"href":"https:\/\/magiclift.ch\/fr\/wp-json\/wp\/v2\/tags?post=3225"}],"curies":[{"name":"wp","href":"https:\/\/api.w.org\/{rel}","templated":true}]}}